{"id":1208,"date":"2023-08-30T17:03:47","date_gmt":"2023-08-30T17:03:47","guid":{"rendered":"https:\/\/ayto2.accesia.info\/?p=1208"},"modified":"2024-10-10T17:04:36","modified_gmt":"2024-10-10T17:04:36","slug":"premis-a-lus-del-valencia-en-el-comerc-local-2023","status":"publish","type":"post","link":"https:\/\/quatretonda.es\/es\/premis-a-lus-del-valencia-en-el-comerc-local-2023\/","title":{"rendered":"Premios al uso del valenciano en el comercio local 2023"},"content":{"rendered":"<!--themify_builder_content-->\n<div id=\"themify_builder_content-1208\" data-postid=\"1208\" class=\"themify_builder_content themify_builder_content-1208 themify_builder tf_clear\">\n                    <div  data-lazy=\"1\" class=\"module_row themify_builder_row tb_wukz401 tb_first tf_w\">\n                        <div class=\"row_inner col_align_top tb_col_count_1 tf_box tf_rel\">\n                        <div  data-lazy=\"1\" class=\"module_column tb-column col-full tb_dp3u401 first\">\n                    <!-- module icon -->\n<div  class=\"module module-icon tb_v9h6906  large none icon_horizontal\" data-lazy=\"1\">\n\t\t\t<div class=\"module-icon-item\">\n\t\t\t\t\t\t\t<a href=\"https:\/\/quatretonda.es\/wp-content\/uploads\/2023\/08\/DECRET-BASES-PREMIS-VALENCIA-COMERC-LOCAL.pdf\" rel=\"noopener\" target=\"_blank\">\n\t\t\t\t\t\t\t\t\t\t\t\t\t\t\t\t\t<img loading=\"lazy\" decoding=\"async\" src=\"https:\/\/ayto3.accesia.info\/wp-content\/uploads\/2024\/09\/archivo-pdf.png\" width=\"47\" height=\"47\" class=\"tf_box\" title=\"DECRETO DE APROBACI\u00d3N DE LAS BASES DE LOS PREMIOS AL USO DEL VALENCIANO EN EL COMERCIO LOCAL 2023\" alt=\"DECRET D&#039;APROVACI\u00d3 DE LES BASES DELS PREMIS A L&#039;\u00daS DEL VALENCI\u00c0 EN EL COMER\u00c7 LOCAL 2023\">\t\t\t\t\t\t\t\t\t\t\t\t\t\t\t\t\t\t\t<span>DECRETO DE APROBACI\u00d3N DE LAS BASES DE LOS PREMIOS AL USO DEL VALENCIANO EN EL COMERCIO LOCAL 2023<\/span>\n\t\t\t\t\t\t\t\t\t\t\t\t\t\t\t\t\t<\/a>\n\t\t\t\t\t<\/div>\n\t<\/div>\n<!-- \/module icon -->\n        <\/div>\n                        <\/div>\n        <\/div>\n        <\/div>\n<!--\/themify_builder_content-->\n\n\n<p><\/p>","protected":false},"excerpt":{"rendered":"","protected":false},"author":1,"featured_media":1132,"comment_status":"open","ping_status":"closed","sticky":false,"template":"","format":"standard","meta":{"footnotes":""},"categories":[8],"tags":[],"class_list":["post-1208","post","type-post","status-publish","format-standard","has-post-thumbnail","hentry","category-noticies","has-post-title","has-post-date","has-post-category","has-post-tag","has-post-comment","has-post-author",""],"builder_content":"<a href=\"https:\/\/quatretonda.es\/wp-content\/uploads\/2023\/08\/DECRET-BASES-PREMIS-VALENCIA-COMERC-LOCAL.pdf\" rel=\"noopener\" target=\"_blank\"> <img src=\"https:\/\/ayto3.accesia.info\/wp-content\/uploads\/2024\/09\/archivo-pdf.png\" width=\"47\" height=\"47\" title=\"DECRET D&#039;APROVACI\u00d3 DE LES BASES DELS PREMIS A L&#039;\u00daS DEL VALENCI\u00c0 EN EL COMER\u00c7 LOCAL 2023\" alt=\"DECRET D&#039;APROVACI\u00d3 DE LES BASES DELS PREMIS A L&#039;\u00daS DEL VALENCI\u00c0 EN EL COMER\u00c7 LOCAL 2023\"> DECRET D'APROVACI\u00d3 DE LES BASES DELS PREMIS A L'\u00daS DEL VALENCI\u00c0 EN EL COMER\u00c7 LOCAL 2023 <\/a>","_links":{"self":[{"href":"https:\/\/quatretonda.es\/es\/wp-json\/wp\/v2\/posts\/1208","targetHints":{"allow":["GET"]}}],"collection":[{"href":"https:\/\/quatretonda.es\/es\/wp-json\/wp\/v2\/posts"}],"about":[{"href":"https:\/\/quatretonda.es\/es\/wp-json\/wp\/v2\/types\/post"}],"author":[{"embeddable":true,"href":"https:\/\/quatretonda.es\/es\/wp-json\/wp\/v2\/users\/1"}],"replies":[{"embeddable":true,"href":"https:\/\/quatretonda.es\/es\/wp-json\/wp\/v2\/comments?post=1208"}],"version-history":[{"count":3,"href":"https:\/\/quatretonda.es\/es\/wp-json\/wp\/v2\/posts\/1208\/revisions"}],"predecessor-version":[{"id":1212,"href":"https:\/\/quatretonda.es\/es\/wp-json\/wp\/v2\/posts\/1208\/revisions\/1212"}],"wp:featuredmedia":[{"embeddable":true,"href":"https:\/\/quatretonda.es\/es\/wp-json\/wp\/v2\/media\/1132"}],"wp:attachment":[{"href":"https:\/\/quatretonda.es\/es\/wp-json\/wp\/v2\/media?parent=1208"}],"wp:term":[{"taxonomy":"category","embeddable":true,"href":"https:\/\/quatretonda.es\/es\/wp-json\/wp\/v2\/categories?post=1208"},{"taxonomy":"post_tag","embeddable":true,"href":"https:\/\/quatretonda.es\/es\/wp-json\/wp\/v2\/tags?post=1208"}],"curies":[{"name":"wp","href":"https:\/\/api.w.org\/{rel}","templated":true}]}}